{"id":213,"date":"2020-04-14T16:37:08","date_gmt":"2020-04-14T14:37:08","guid":{"rendered":"https:\/\/supervegetarienne.com\/?p=213"},"modified":"2020-05-04T13:23:17","modified_gmt":"2020-05-04T11:23:17","slug":"tarte-aux-pommes","status":"publish","type":"post","link":"https:\/\/supervegetarienne.com\/index.php\/2020\/04\/14\/tarte-aux-pommes\/","title":{"rendered":"Tarte aux pommes gourmande"},"content":{"rendered":"\n<!--more-->\n\n\n\n<p>Ingr\u00e9dients :<\/p>\n\n\n\n<ul><li><strong>1 p\u00e2te feuillet\u00e9e ou sabl\u00e9e ou bris\u00e9e<\/strong><\/li><li><strong>3 pommes <\/strong><\/li><li><strong>2 \u0153ufs<\/strong><\/li><li><strong>50 g de sucre roux<\/strong><\/li><li><strong>50 g de poudre d&#8217;amande<\/strong><\/li><li><strong>1 sachet de sucre vanill\u00e9 ou une 1\/2 gousse de vanille<\/strong><\/li><li><strong>2 cuill\u00e8res \u00e0 soupe de cr\u00e8me fra\u00eeche \u00e9paisse <\/strong><\/li><\/ul>\n\n\n\n<hr class=\"wp-block-separator\"\/>\n\n\n\n<p>Les 8 \u00e9tapes \u00e0 suivre : <\/p>\n\n\n\n<ol><li>Pr\u00e9chauffez le four \u00e0 180\u00b0.<\/li><li>M\u00e9langez le sucre roux et les \u0153ufs.<\/li><li>Ajoutez la poudre d&#8217;amande et la cr\u00e8me fra\u00eeche.<\/li><li>\u00c9pluchez et coupez les pommes en fines lamelles.<\/li><li>\u00c9talez la p\u00e2te dans un plat \u00e0 tarte. <\/li><li>Disposez les pommes en rond dans le plat. <\/li><li>Recouvrez les pommes du m\u00e9lange pr\u00e9par\u00e9.<\/li><li>Faites cuire 45 min. <\/li><\/ol>\n\n\n\n<p>Laissez refroidir la tarte avant de la d\u00e9guster ! Bon app\u00e9tit \ud83d\ude42<\/p>\n","protected":false},"excerpt":{"rendered":"","protected":false},"author":1,"featured_media":206,"comment_status":"open","ping_status":"open","sticky":false,"template":"","format":"standard","meta":[],"categories":[6],"tags":[],"_links":{"self":[{"href":"https:\/\/supervegetarienne.com\/index.php\/wp-json\/wp\/v2\/posts\/213"}],"collection":[{"href":"https:\/\/supervegetarienne.com\/index.php\/wp-json\/wp\/v2\/posts"}],"about":[{"href":"https:\/\/supervegetarienne.com\/index.php\/wp-json\/wp\/v2\/types\/post"}],"author":[{"embeddable":true,"href":"https:\/\/supervegetarienne.com\/index.php\/wp-json\/wp\/v2\/users\/1"}],"replies":[{"embeddable":true,"href":"https:\/\/supervegetarienne.com\/index.php\/wp-json\/wp\/v2\/comments?post=213"}],"version-history":[{"count":5,"href":"https:\/\/supervegetarienne.com\/index.php\/wp-json\/wp\/v2\/posts\/213\/revisions"}],"predecessor-version":[{"id":292,"href":"https:\/\/supervegetarienne.com\/index.php\/wp-json\/wp\/v2\/posts\/213\/revisions\/292"}],"wp:featuredmedia":[{"embeddable":true,"href":"https:\/\/supervegetarienne.com\/index.php\/wp-json\/wp\/v2\/media\/206"}],"wp:attachment":[{"href":"https:\/\/supervegetarienne.com\/index.php\/wp-json\/wp\/v2\/media?parent=213"}],"wp:term":[{"taxonomy":"category","embeddable":true,"href":"https:\/\/supervegetarienne.com\/index.php\/wp-json\/wp\/v2\/categories?post=213"},{"taxonomy":"post_tag","embeddable":true,"href":"https:\/\/supervegetarienne.com\/index.php\/wp-json\/wp\/v2\/tags?post=213"}],"curies":[{"name":"wp","href":"https:\/\/api.w.org\/{rel}","templated":true}]}}